{"id":23296,"date":"2024-12-06T10:52:43","date_gmt":"2024-12-06T15:52:43","guid":{"rendered":"https:\/\/evol.wp.vortexdev.com\/?p=23296"},"modified":"2024-12-06T10:52:47","modified_gmt":"2024-12-06T15:52:47","slug":"natyf-tv-television-in-colour","status":"publish","type":"post","link":"https:\/\/evol.wp.vortexdev.com\/en\/blog\/natyf-tv-television-in-colour\/","title":{"rendered":"Natyf TV: television in colour"},"content":{"rendered":"<p><em>Natyf TV is a French-language, diversity-driven TV channel available across Qu\u00e9bec. To find out more about it, we sat down with its founder, Jean-Yves Roux, who generously and enthusiastically shared the obstacle course he went through for its creation. Because not just anyone can launch a TV channel!<\/em><\/p><p>In 2011, Jean-Yves realized that it was long past due that French-language television content better reflect the many faces that make up our society. That same year, Netflix was new on the market, and almost no one knew about it. In 2011, most Qu\u00e9bec households consumed television content the old-fashioned way: via cable.<\/p><p>But Qu\u00e9bec soap operas, TV shows and films rarely showed ethnoculturally diverse people, despite the fact that they represent a significant proportion of Qu\u00e9bec society. There were even regular complaints to the CRTC, and research into the issue was conducted in 2001 and 2006. As you might expect, the studies\u2019 findings were clear: our television landscape lacked colour.<\/p><p>Jean-Yves, who was already involved in Qu\u00e9bec arts and culture, saw this omission as an opportunity: to make French-language television content produced and broadcast in Qu\u00e9bec more representative.<\/p><h2 class=\"wp-block-heading\" id=\"h-the-back-story\">The back story<\/h2><p>Jean-Yves Roux grew up in the neighbourhood of Saint-Michel, in eastern Montr\u00e9al, an environment he describes as socioeconomically precarious. Jean-Yves was sensitive to those around him and soon became aware of the realities of his community. From a young age, he got involved in his neighbourhood through youth centres to give his classmates an alternative to the street.<\/p><p>Jean-Yves began to feel that the world of arts and culture could offer an offramp and be an excellent outlet for these young people.<\/p><p>This idea was reinforced in him at the beginning of the 1990s. At the time, Jean-Yves was spending his summers in Brooklyn, New York, with his father\u2019s family. The U.S. in the 1990s was seeing the rise of hip hop, the counterculture movement that was trying to change the world for the better. The music had a major influence on Jean-Yves, who made it his mission to give it a life here in Qu\u00e9bec.<\/p><p>Since then, he has always been driven to bring opportunity to people who need it.<\/p><h2 class=\"wp-block-heading\" id=\"h-the-process\">The process<\/h2><p>Already in the world of the arts as an artist\u2019s agent and in video production, Jean-Yves Roux took the bull by the horns and decided to establish his own TV channel.<\/p><p>Resolute in his idea of better representing diversity in Qu\u00e9bec\u2019s television landscape, Jean-Yves applied for a broadcasting licence from the Canadian Radio-television and Telecommunications Council (CRTC) in 2011.<\/p><p>In 2012, his efforts resulted in him obtaining a specialized French-language multicultural licence. This meant that Natyf TV, Jean-Yves\u2019s channel, would be available only by subscription. It wouldn\u2019t be part of the basic service package of available channels.<\/p><p>Thus began the tour of the major Canadian telecommunications companies. He knocked on the doors of Videotron, Bell, Cogeco, Rogers, and others in that world. His goal was to find a company that would agree to bring Natyf TV to viewers. He had no luck. Jean-Yves was told that the Qu\u00e9bec television offer was complete enough to satisfy every culture and that there was no need for a multicultural channel to be added to the existing offer. Plus, a number of American channels, which were well ahead of us in terms of diversity on television, were available to round out the picture.<\/p><p>But what they didn\u2019t understand was that Jean-Yves was talking about a French-language channel, which would build its offer around the francophone world, not just Qu\u00e9bec.<\/p><p>It took until 2016 for Jean-Yves to convince Bell to host Natyf TV. And it was no cakewalk.<\/p><p>In fact, his efforts took a full year. In 2017, he signed the contract bringing Natyf TV to Bell Canada, and on June 14, 2018, the channel was officially launched. Don\u2019t forget that the project started in 2011.<\/p><p>In 2018, Natyf TV had tens of thousands of subscribers and was striving to present content that would take people to new places, never before seen in Qu\u00e9bec, featuring a broad range of people. Natyf was taking shape, and the future looked bright.<\/p><p>Fast forward to 2020, with the collective awareness-raising of the death of George\u00a0Floyd and the rise of the Black Lives Matter movement. These dramatic events demonstrated the gaping social disparities in our society.<\/p><p>That lit another fire under Jean-Yves Roux to do more to make society more inclusive and open to others. He believed that democratizing access to TV content from francophone cultures around the world was an excellent way to expand people\u2019s horizons. And he had the perfect platform to reach the public.<\/p><p>With this in mind, he submitted a new licence application to the CRTC in 2020. This time, he was after a \u201ccompulsory\u201d licence, which would enable Natyf TV to be included in the broadcasters\u2019 basic service package. It would take six months just to find out whether the application was accepted by the CRTC. It took around 18 further months to hear back from the agency.\u00a0<\/p><p>It may have been worth the wait, because the CRTC informed Jean-Yves that his licence application was complete and valid, and the process could continue.<\/p><div style=\"height:23px\" aria-hidden=\"true\" class=\"wp-block-spacer\"><\/div><div class=\"wp-block-columns is-layout-flex wp-container-core-columns-is-layout-9d6595d7 wp-block-columns-is-layout-flex\"><div class=\"wp-block-column is-layout-flow wp-block-column-is-layout-flow\"><figure class=\"wp-block-image size-large\"><img loading=\"lazy\" decoding=\"async\" width=\"1503\" height=\"1126\" src=\"https:\/\/evol.wp.vortexdev.com\/wp-content\/uploads\/2024\/12\/Foule-pre\u0301sente-lancement-Natyf-1-edited.jpg\" alt=\"\" class=\"wp-image-23283\" srcset=\"https:\/\/evol.wp.vortexdev.com\/wp-content\/uploads\/2024\/12\/Foule-pre\u0301sente-lancement-Natyf-1-edited.jpg 1503w, https:\/\/evol.wp.vortexdev.com\/wp-content\/uploads\/2024\/12\/Foule-pre\u0301sente-lancement-Natyf-1-edited-300x225.jpg 300w, https:\/\/evol.wp.vortexdev.com\/wp-content\/uploads\/2024\/12\/Foule-pre\u0301sente-lancement-Natyf-1-edited-1024x767.jpg 1024w, https:\/\/evol.wp.vortexdev.com\/wp-content\/uploads\/2024\/12\/Foule-pre\u0301sente-lancement-Natyf-1-edited-768x575.jpg 768w, https:\/\/evol.wp.vortexdev.com\/wp-content\/uploads\/2024\/12\/Foule-pre\u0301sente-lancement-Natyf-1-edited-600x450.jpg 600w\" sizes=\"auto, (max-width: 1503px) 100vw, 1503px\" \/><\/figure><\/div>\n\n<div class=\"wp-block-column is-layout-flow wp-block-column-is-layout-flow\"><figure class=\"wp-block-image size-large\"><img loading=\"lazy\" decoding=\"async\" width=\"2048\" height=\"1536\" src=\"https:\/\/evol.wp.vortexdev.com\/wp-content\/uploads\/2024\/12\/Jean-Yves-Roux-Nancy-Dubuisson-edited-scaled.jpg\" alt=\"\" class=\"wp-image-23287\" srcset=\"https:\/\/evol.wp.vortexdev.com\/wp-content\/uploads\/2024\/12\/Jean-Yves-Roux-Nancy-Dubuisson-edited-scaled.jpg 2048w, https:\/\/evol.wp.vortexdev.com\/wp-content\/uploads\/2024\/12\/Jean-Yves-Roux-Nancy-Dubuisson-edited-300x225.jpg 300w, https:\/\/evol.wp.vortexdev.com\/wp-content\/uploads\/2024\/12\/Jean-Yves-Roux-Nancy-Dubuisson-edited-1024x768.jpg 1024w, https:\/\/evol.wp.vortexdev.com\/wp-content\/uploads\/2024\/12\/Jean-Yves-Roux-Nancy-Dubuisson-edited-768x576.jpg 768w, https:\/\/evol.wp.vortexdev.com\/wp-content\/uploads\/2024\/12\/Jean-Yves-Roux-Nancy-Dubuisson-edited-1536x1152.jpg 1536w, https:\/\/evol.wp.vortexdev.com\/wp-content\/uploads\/2024\/12\/Jean-Yves-Roux-Nancy-Dubuisson-edited-600x450.jpg 600w\" sizes=\"auto, (max-width: 2048px) 100vw, 2048px\" \/><\/figure><\/div><\/div><h2 class=\"wp-block-heading\" id=\"h-the-process-0\">The process<\/h2><p>There is many a slip between the cup and the lip, as they say. Before granting final approval, once all the pieces of the application are assembled, the CRTC issues a call for competing applications. The application is then added to the public hearings schedule and is published in the Canada Gazette at least 60 days before the hearing so the public can provide favourable and unfavourable submissions in response to the licence application.<\/p><p>But in this context, \u201cpublic\u201d implies major telecommunications companies.<\/p><p>Jean-Yves remembers it like it was yesterday. The fateful deadline for written submissions about the application was 5 p.m. on November 7, 2022,<\/p><p>Until 4:49 p.m. that day, things were going smoothly. No one had opposed Jean-Yves\u2019s project. At 4:50 p.m., the first opposition was submitted by a law firm representing a major telecommunications company. At 4:51 p.m., a second opposition arrived and, in the space of 10 minutes, more than a dozen had been submitted.<\/p><p>Presenting practically all the same arguments about market saturation, duplication of offers and other rebuttals already used, these challenges required a response within 21 days.<\/p><p>Everything was on the line. If Jean-Yves couldn\u2019t convince all the stakeholders, his application would never come to fruition.<\/p><h2 class=\"wp-block-heading\" id=\"h-solid-preparation\">Solid preparation<\/h2><p>Given the circumstances, Jean-Yves got out the big guns. He had seen this coming. So influencers broadcast the information online, even publishing the arguments against the project. Plus, Jean-Yves posted live videos and appeared as a guest on podcasts to talk about his intentions with Natyf TV and the importance for Qu\u00e9bec\u2019s francophone ethnocultural communities of obtaining CRTC authorization. A petition was posted online as Jean-Yves was drafting his argument in support of his project.<\/p><p>Plus, a journalist of African descent who is well respected in that world and who was working for a well-known media outlet reported on Natyf TV\u2019s situation. Unfortunately, the report ran only once or twice on television. Determined, Jean-Yves posted the report online, and it went viral on Instagram.<\/p><p>In January 2023, Jean-Yves Roux received confirmation from the CRTC that his file was complete and that a response would be sent soon.<\/p><p>It arrived on August 31,\u00a02023, and that day Natyf TV was granted a compulsory license by the CRTC, a little more than three years after applying.<\/p><p>Now Natyf TV could truly fulfill its purpose: bringing the public new talent and producers from racialized communities. It would be resolutely inclusive, offering productions that were turned down by other broadcasters a chance. These included the documentary <em>Le Mythe de la Femme Noire<\/em>, directed by Ayana O\u2019Shun, which, after having been turned town by all broadcasters approached, found itself in the top\u00a020 for the Qu\u00e9bec box office after being accepted by Natyf TV.\u00a0<\/p><div style=\"height:23px\" aria-hidden=\"true\" class=\"wp-block-spacer\"><\/div><figure class=\"wp-block-image size-large\"><img loading=\"lazy\" decoding=\"async\" width=\"2048\" height=\"1153\" src=\"https:\/\/evol.wp.vortexdev.com\/wp-content\/uploads\/2024\/12\/Les-producteurs-lancement-Natyf-1-1-edited-scaled.jpg\" alt=\"\" class=\"wp-image-23292\" srcset=\"https:\/\/evol.wp.vortexdev.com\/wp-content\/uploads\/2024\/12\/Les-producteurs-lancement-Natyf-1-1-edited-scaled.jpg 2048w, https:\/\/evol.wp.vortexdev.com\/wp-content\/uploads\/2024\/12\/Les-producteurs-lancement-Natyf-1-1-edited-300x169.jpg 300w, https:\/\/evol.wp.vortexdev.com\/wp-content\/uploads\/2024\/12\/Les-producteurs-lancement-Natyf-1-1-edited-1024x576.jpg 1024w, https:\/\/evol.wp.vortexdev.com\/wp-content\/uploads\/2024\/12\/Les-producteurs-lancement-Natyf-1-1-edited-768x432.jpg 768w, https:\/\/evol.wp.vortexdev.com\/wp-content\/uploads\/2024\/12\/Les-producteurs-lancement-Natyf-1-1-edited-1536x865.jpg 1536w, https:\/\/evol.wp.vortexdev.com\/wp-content\/uploads\/2024\/12\/Les-producteurs-lancement-Natyf-1-1-edited-600x338.jpg 600w\" sizes=\"auto, (max-width: 2048px) 100vw, 2048px\" \/><\/figure><h2 class=\"wp-block-heading\" id=\"h-what-s-next\">What\u2019s next<\/h2><p>Jean-Yves is delighted with the direction Natyf TV is taking in the Qu\u00e9bec media landscape and doesn\u2019t intend to rest on his laurels. With his eyes firmly set on the French fact, Jean-Yves Roux was recently a panelist at a summit on French-language television broadcasting in C\u00f4te d\u2019Ivoire and developed a streaming video platform to reach young viewers who watch television content almost exclusively online.<\/p><p>If he could offer just one piece of advice to people who want to become entrepreneurs, it\u2019s to maintain a good attitude. On an entrepreneur\u2019s journey, there will be more doors that close than that open. Sometimes, it can be easy to give in to pessimism, particularly in the face of injustice.<\/p><p>\u201cYou need to persevere and have a good attitude,\u201d Jean-Yves Roux says. \u201cOtherwise, it\u2019s easy to lose contracts and opportunities.\u201d\u00a0<\/p><p>That good attitude no doubt came in handy throughout this process.<\/p><p><\/p><p><\/p><h4 class=\"wp-block-heading has-text-align-left has-pomegranate-color has-text-color\" id=\"h-\">\u2022 \u2022 \u2022 \u2022 \u2022 \u2022 \u2022 \u2022 \u2022 \u2022 \u2022<\/h4><div style=\"height:5px\" aria-hidden=\"true\" class=\"wp-block-spacer\"><\/div><p>Jean-Yves Roux receives tremendous support from the regional director for Montr\u00e9al, Lynn\u00a0McDonald, a seasoned professional with extensive experience in finance and specialized skills in television broadcasting. Her knowledge of financial and audiovisual communication issues combined with her strategic vision have made her an important ally for Jean-Yves. Their partnership is based on a solid foundation, forged naturally over time through mutual trust, respect for each other\u2019s skills and their complementarity. Together, they form a dynamic duo, who can tackle complex challenges effectively and creatively.<\/p><p><em>Thanks to the engagement of invaluable partners: \u00c9conomie Qu\u00e9bec, through its agent Investissement Qu\u00e9bec, the Government of Canada, National Bank, the Business Development Bank of Canada (BDC), the Fonds de solidarit\u00e9 FTQ, and Fondaction, Evol has a large envelope to support, through conventional loans, businesses with inclusive, diversified ownership that generate positive social and environmental impacts in line with the UN\u2019s sustainable development goals (SDG).<\/em><\/p><h4 class=\"wp-block-heading has-text-align-left has-pomegranate-color has-text-color\" id=\"h--0\">\u2022 \u2022 \u2022 \u2022 \u2022 \u2022 \u2022 \u2022 \u2022 \u2022 \u2022<\/h4><h5 class=\"wp-block-heading\" id=\"h-to-find-out-more-about-natyf-tv\">To find out more about Natyf TV<\/h5><div class=\"wp-block-buttons is-layout-flex wp-block-buttons-is-layout-flex\"><div class=\"wp-block-button\"><a class=\"wp-block-button__link wp-element-button\" href=\"https:\/\/www.natyf.com\/\" target=\"_blank\" rel=\"noreferrer noopener\">natyf.com<\/a><\/div><\/div><p><\/p>","protected":false},"excerpt":{"rendered":"<p>Natyf TV is a French-language, diversity-driven TV channel available across Qu\u00e9bec. To find out more about it, we sat down with its founder, Jean-Yves Roux, who generously and enthusiastically shared the obstacle course he went through for its creation. Because not just anyone can launch a TV channel! In 2011, Jean-Yves realized that it was &hellip; <a href=\"https:\/\/evol.wp.vortexdev.com\/en\/blog\/natyf-tv-television-in-colour\/\">Continued<\/a><\/p>\n","protected":false},"author":3,"featured_media":23276,"comment_status":"closed","ping_status":"open","sticky":false,"template":"","format":"standard","meta":{"_acf_changed":false,"_relevanssi_hide_post":"","_relevanssi_hide_content":"","_relevanssi_pin_for_all":"","_relevanssi_pin_keywords":"","_relevanssi_unpin_keywords":"","_relevanssi_related_keywords":"","_relevanssi_related_include_ids":"","_relevanssi_related_exclude_ids":"","_relevanssi_related_no_append":"","_relevanssi_related_not_related":"","_relevanssi_related_posts":"15517,14650,7034,579,576,946","_relevanssi_noindex_reason":"","footnotes":""},"categories":[928],"tags":[1312,1289],"point-of-interest-category":[],"class_list":["post-23296","post","type-post","status-publish","format-standard","has-post-thumbnail","hentry","category-entrepreneurs-profile","tag-entrepreneurship","tag-montreal-2"],"acf":[],"yoast_head":"<!-- This site is optimized with the Yoast SEO Premium plugin v25.1 (Yoast SEO v25.1) - https:\/\/yoast.com\/wordpress\/plugins\/seo\/ -->\n<title>Natyf TV: television in colour - evol<\/title>\n<meta name=\"description\" content=\"Natyf TV, Qu\u00e9bec\u2019s inclusive French-language channel, defends cultural diversity with passion and perseverance. Read its inspiring story.\" \/>\n<meta name=\"robots\" content=\"noindex, follow, max-snippet:-1, max-image-preview:large, max-video-preview:-1\" \/>\n<meta property=\"og:locale\" content=\"en_US\" \/>\n<meta property=\"og:type\" content=\"article\" \/>\n<meta property=\"og:title\" content=\"Natyf TV: television in colour\" \/>\n<meta property=\"og:description\" content=\"Natyf TV, Qu\u00e9bec\u2019s inclusive French-language channel, defends cultural diversity with passion and perseverance. Read its inspiring story.\" \/>\n<meta property=\"og:url\" content=\"https:\/\/evol.wp.vortexdev.com\/en\/blog\/natyf-tv-television-in-colour\/\" \/>\n<meta property=\"og:site_name\" content=\"evol\" \/>\n<meta property=\"article:publisher\" content=\"https:\/\/www.facebook.com\/EvolQC\" \/>\n<meta property=\"article:published_time\" content=\"2024-12-06T15:52:43+00:00\" \/>\n<meta property=\"article:modified_time\" content=\"2024-12-06T15:52:47+00:00\" \/>\n<meta property=\"og:image\" content=\"https:\/\/evol.wp.vortexdev.com\/wp-content\/uploads\/2024\/12\/NatyfTV_Couverture.png\" \/>\n\t<meta property=\"og:image:width\" content=\"1200\" \/>\n\t<meta property=\"og:image:height\" content=\"800\" \/>\n\t<meta property=\"og:image:type\" content=\"image\/png\" \/>\n<meta name=\"author\" content=\"Evol\" \/>\n<meta name=\"twitter:card\" content=\"summary_large_image\" \/>\n<meta name=\"twitter:creator\" content=\"@evolfinancement\" \/>\n<meta name=\"twitter:site\" content=\"@evolfinancement\" \/>\n<meta name=\"twitter:label1\" content=\"Written by\" \/>\n\t<meta name=\"twitter:data1\" content=\"Evol\" \/>\n\t<meta name=\"twitter:label2\" content=\"Est. reading time\" \/>\n\t<meta name=\"twitter:data2\" content=\"10 minutes\" \/>\n<script type=\"application\/ld+json\" class=\"yoast-schema-graph\">{\"@context\":\"https:\/\/schema.org\",\"@graph\":[{\"@type\":\"Article\",\"@id\":\"https:\/\/evol.wp.vortexdev.com\/en\/blog\/natyf-tv-television-in-colour\/#article\",\"isPartOf\":{\"@id\":\"https:\/\/evol.wp.vortexdev.com\/en\/blog\/natyf-tv-television-in-colour\/\"},\"author\":{\"name\":\"Evol\",\"@id\":\"https:\/\/evol.wp.vortexdev.com\/#\/schema\/person\/cea37ebe708c17a7b30cc1f645e8031b\"},\"headline\":\"Natyf TV: television in colour\",\"datePublished\":\"2024-12-06T15:52:43+00:00\",\"dateModified\":\"2024-12-06T15:52:47+00:00\",\"mainEntityOfPage\":{\"@id\":\"https:\/\/evol.wp.vortexdev.com\/en\/blog\/natyf-tv-television-in-colour\/\"},\"wordCount\":1650,\"publisher\":{\"@id\":\"https:\/\/evol.wp.vortexdev.com\/#organization\"},\"image\":{\"@id\":\"https:\/\/evol.wp.vortexdev.com\/en\/blog\/natyf-tv-television-in-colour\/#primaryimage\"},\"thumbnailUrl\":\"https:\/\/evol.wp.vortexdev.com\/wp-content\/uploads\/2024\/12\/NatyfTV_Couverture.png\",\"keywords\":[\"Entrepreneurship\",\"Montr\u00e9al\"],\"articleSection\":[\"Entrepreneur\u2019s profile\"],\"inLanguage\":\"en-US\"},{\"@type\":\"WebPage\",\"@id\":\"https:\/\/evol.wp.vortexdev.com\/en\/blog\/natyf-tv-television-in-colour\/\",\"url\":\"https:\/\/evol.wp.vortexdev.com\/en\/blog\/natyf-tv-television-in-colour\/\",\"name\":\"Natyf TV: television in colour - evol\",\"isPartOf\":{\"@id\":\"https:\/\/evol.wp.vortexdev.com\/#website\"},\"primaryImageOfPage\":{\"@id\":\"https:\/\/evol.wp.vortexdev.com\/en\/blog\/natyf-tv-television-in-colour\/#primaryimage\"},\"image\":{\"@id\":\"https:\/\/evol.wp.vortexdev.com\/en\/blog\/natyf-tv-television-in-colour\/#primaryimage\"},\"thumbnailUrl\":\"https:\/\/evol.wp.vortexdev.com\/wp-content\/uploads\/2024\/12\/NatyfTV_Couverture.png\",\"datePublished\":\"2024-12-06T15:52:43+00:00\",\"dateModified\":\"2024-12-06T15:52:47+00:00\",\"description\":\"Natyf TV, Qu\u00e9bec\u2019s inclusive French-language channel, defends cultural diversity with passion and perseverance. Read its inspiring story.\",\"breadcrumb\":{\"@id\":\"https:\/\/evol.wp.vortexdev.com\/en\/blog\/natyf-tv-television-in-colour\/#breadcrumb\"},\"inLanguage\":\"en-US\",\"potentialAction\":[{\"@type\":\"ReadAction\",\"target\":[\"https:\/\/evol.wp.vortexdev.com\/en\/blog\/natyf-tv-television-in-colour\/\"]}]},{\"@type\":\"ImageObject\",\"inLanguage\":\"en-US\",\"@id\":\"https:\/\/evol.wp.vortexdev.com\/en\/blog\/natyf-tv-television-in-colour\/#primaryimage\",\"url\":\"https:\/\/evol.wp.vortexdev.com\/wp-content\/uploads\/2024\/12\/NatyfTV_Couverture.png\",\"contentUrl\":\"https:\/\/evol.wp.vortexdev.com\/wp-content\/uploads\/2024\/12\/NatyfTV_Couverture.png\",\"width\":1200,\"height\":800},{\"@type\":\"BreadcrumbList\",\"@id\":\"https:\/\/evol.wp.vortexdev.com\/en\/blog\/natyf-tv-television-in-colour\/#breadcrumb\",\"itemListElement\":[{\"@type\":\"ListItem\",\"position\":1,\"name\":\"Accueil\",\"item\":\"https:\/\/evol.wp.vortexdev.com\/en\/\"},{\"@type\":\"ListItem\",\"position\":2,\"name\":\"Natyf TV: television in colour\"}]},{\"@type\":\"WebSite\",\"@id\":\"https:\/\/evol.wp.vortexdev.com\/#website\",\"url\":\"https:\/\/evol.wp.vortexdev.com\/\",\"name\":\"evol\",\"description\":\"financer le changement\",\"publisher\":{\"@id\":\"https:\/\/evol.wp.vortexdev.com\/#organization\"},\"potentialAction\":[{\"@type\":\"SearchAction\",\"target\":{\"@type\":\"EntryPoint\",\"urlTemplate\":\"https:\/\/evol.wp.vortexdev.com\/?s={search_term_string}\"},\"query-input\":{\"@type\":\"PropertyValueSpecification\",\"valueRequired\":true,\"valueName\":\"search_term_string\"}}],\"inLanguage\":\"en-US\"},{\"@type\":\"Organization\",\"@id\":\"https:\/\/evol.wp.vortexdev.com\/#organization\",\"name\":\"Evol\",\"url\":\"https:\/\/evol.wp.vortexdev.com\/\",\"logo\":{\"@type\":\"ImageObject\",\"inLanguage\":\"en-US\",\"@id\":\"https:\/\/evol.wp.vortexdev.com\/#\/schema\/logo\/image\/\",\"url\":\"https:\/\/evol.wp.vortexdev.com\/wp-content\/uploads\/2021\/10\/evol_financer_verti_rouge_RGB_FR.svg\",\"contentUrl\":\"https:\/\/evol.wp.vortexdev.com\/wp-content\/uploads\/2021\/10\/evol_financer_verti_rouge_RGB_FR.svg\",\"width\":371,\"height\":319,\"caption\":\"Evol\"},\"image\":{\"@id\":\"https:\/\/evol.wp.vortexdev.com\/#\/schema\/logo\/image\/\"},\"sameAs\":[\"https:\/\/www.facebook.com\/EvolQC\",\"https:\/\/x.com\/evolfinancement\",\"https:\/\/www.instagram.com\/evolfinancement\/\",\"https:\/\/www.linkedin.com\/company\/evolfinancement\/\",\"https:\/\/www.youtube.com\/channel\/UCtul9JAsLW-vB_KrlGSxHOw\"]},{\"@type\":\"Person\",\"@id\":\"https:\/\/evol.wp.vortexdev.com\/#\/schema\/person\/cea37ebe708c17a7b30cc1f645e8031b\",\"name\":\"Evol\",\"image\":{\"@type\":\"ImageObject\",\"inLanguage\":\"en-US\",\"@id\":\"https:\/\/evol.wp.vortexdev.com\/#\/schema\/person\/image\/\",\"url\":\"https:\/\/evol.wp.vortexdev.com\/wp-content\/uploads\/2024\/01\/evol-logo.jpg\",\"contentUrl\":\"https:\/\/evol.wp.vortexdev.com\/wp-content\/uploads\/2024\/01\/evol-logo.jpg\",\"caption\":\"Evol\"},\"url\":\"https:\/\/evol.wp.vortexdev.com\/en\/author\/camiville\/\"}]}<\/script>\n<!-- \/ Yoast SEO Premium plugin. -->","yoast_head_json":{"title":"Natyf TV: television in colour - evol","description":"Natyf TV, Qu\u00e9bec\u2019s inclusive French-language channel, defends cultural diversity with passion and perseverance. Read its inspiring story.","robots":{"index":"noindex","follow":"follow","max-snippet":"max-snippet:-1","max-image-preview":"max-image-preview:large","max-video-preview":"max-video-preview:-1"},"og_locale":"en_US","og_type":"article","og_title":"Natyf TV: television in colour","og_description":"Natyf TV, Qu\u00e9bec\u2019s inclusive French-language channel, defends cultural diversity with passion and perseverance. Read its inspiring story.","og_url":"https:\/\/evol.wp.vortexdev.com\/en\/blog\/natyf-tv-television-in-colour\/","og_site_name":"evol","article_publisher":"https:\/\/www.facebook.com\/EvolQC","article_published_time":"2024-12-06T15:52:43+00:00","article_modified_time":"2024-12-06T15:52:47+00:00","og_image":[{"width":1200,"height":800,"url":"https:\/\/evol.wp.vortexdev.com\/wp-content\/uploads\/2024\/12\/NatyfTV_Couverture.png","type":"image\/png"}],"author":"Evol","twitter_card":"summary_large_image","twitter_creator":"@evolfinancement","twitter_site":"@evolfinancement","twitter_misc":{"Written by":"Evol","Est. reading time":"10 minutes"},"schema":{"@context":"https:\/\/schema.org","@graph":[{"@type":"Article","@id":"https:\/\/evol.wp.vortexdev.com\/en\/blog\/natyf-tv-television-in-colour\/#article","isPartOf":{"@id":"https:\/\/evol.wp.vortexdev.com\/en\/blog\/natyf-tv-television-in-colour\/"},"author":{"name":"Evol","@id":"https:\/\/evol.wp.vortexdev.com\/#\/schema\/person\/cea37ebe708c17a7b30cc1f645e8031b"},"headline":"Natyf TV: television in colour","datePublished":"2024-12-06T15:52:43+00:00","dateModified":"2024-12-06T15:52:47+00:00","mainEntityOfPage":{"@id":"https:\/\/evol.wp.vortexdev.com\/en\/blog\/natyf-tv-television-in-colour\/"},"wordCount":1650,"publisher":{"@id":"https:\/\/evol.wp.vortexdev.com\/#organization"},"image":{"@id":"https:\/\/evol.wp.vortexdev.com\/en\/blog\/natyf-tv-television-in-colour\/#primaryimage"},"thumbnailUrl":"https:\/\/evol.wp.vortexdev.com\/wp-content\/uploads\/2024\/12\/NatyfTV_Couverture.png","keywords":["Entrepreneurship","Montr\u00e9al"],"articleSection":["Entrepreneur\u2019s profile"],"inLanguage":"en-US"},{"@type":"WebPage","@id":"https:\/\/evol.wp.vortexdev.com\/en\/blog\/natyf-tv-television-in-colour\/","url":"https:\/\/evol.wp.vortexdev.com\/en\/blog\/natyf-tv-television-in-colour\/","name":"Natyf TV: television in colour - evol","isPartOf":{"@id":"https:\/\/evol.wp.vortexdev.com\/#website"},"primaryImageOfPage":{"@id":"https:\/\/evol.wp.vortexdev.com\/en\/blog\/natyf-tv-television-in-colour\/#primaryimage"},"image":{"@id":"https:\/\/evol.wp.vortexdev.com\/en\/blog\/natyf-tv-television-in-colour\/#primaryimage"},"thumbnailUrl":"https:\/\/evol.wp.vortexdev.com\/wp-content\/uploads\/2024\/12\/NatyfTV_Couverture.png","datePublished":"2024-12-06T15:52:43+00:00","dateModified":"2024-12-06T15:52:47+00:00","description":"Natyf TV, Qu\u00e9bec\u2019s inclusive French-language channel, defends cultural diversity with passion and perseverance. Read its inspiring story.","breadcrumb":{"@id":"https:\/\/evol.wp.vortexdev.com\/en\/blog\/natyf-tv-television-in-colour\/#breadcrumb"},"inLanguage":"en-US","potentialAction":[{"@type":"ReadAction","target":["https:\/\/evol.wp.vortexdev.com\/en\/blog\/natyf-tv-television-in-colour\/"]}]},{"@type":"ImageObject","inLanguage":"en-US","@id":"https:\/\/evol.wp.vortexdev.com\/en\/blog\/natyf-tv-television-in-colour\/#primaryimage","url":"https:\/\/evol.wp.vortexdev.com\/wp-content\/uploads\/2024\/12\/NatyfTV_Couverture.png","contentUrl":"https:\/\/evol.wp.vortexdev.com\/wp-content\/uploads\/2024\/12\/NatyfTV_Couverture.png","width":1200,"height":800},{"@type":"BreadcrumbList","@id":"https:\/\/evol.wp.vortexdev.com\/en\/blog\/natyf-tv-television-in-colour\/#breadcrumb","itemListElement":[{"@type":"ListItem","position":1,"name":"Accueil","item":"https:\/\/evol.wp.vortexdev.com\/en\/"},{"@type":"ListItem","position":2,"name":"Natyf TV: television in colour"}]},{"@type":"WebSite","@id":"https:\/\/evol.wp.vortexdev.com\/#website","url":"https:\/\/evol.wp.vortexdev.com\/","name":"evol","description":"financer le changement","publisher":{"@id":"https:\/\/evol.wp.vortexdev.com\/#organization"},"potentialAction":[{"@type":"SearchAction","target":{"@type":"EntryPoint","urlTemplate":"https:\/\/evol.wp.vortexdev.com\/?s={search_term_string}"},"query-input":{"@type":"PropertyValueSpecification","valueRequired":true,"valueName":"search_term_string"}}],"inLanguage":"en-US"},{"@type":"Organization","@id":"https:\/\/evol.wp.vortexdev.com\/#organization","name":"Evol","url":"https:\/\/evol.wp.vortexdev.com\/","logo":{"@type":"ImageObject","inLanguage":"en-US","@id":"https:\/\/evol.wp.vortexdev.com\/#\/schema\/logo\/image\/","url":"https:\/\/evol.wp.vortexdev.com\/wp-content\/uploads\/2021\/10\/evol_financer_verti_rouge_RGB_FR.svg","contentUrl":"https:\/\/evol.wp.vortexdev.com\/wp-content\/uploads\/2021\/10\/evol_financer_verti_rouge_RGB_FR.svg","width":371,"height":319,"caption":"Evol"},"image":{"@id":"https:\/\/evol.wp.vortexdev.com\/#\/schema\/logo\/image\/"},"sameAs":["https:\/\/www.facebook.com\/EvolQC","https:\/\/x.com\/evolfinancement","https:\/\/www.instagram.com\/evolfinancement\/","https:\/\/www.linkedin.com\/company\/evolfinancement\/","https:\/\/www.youtube.com\/channel\/UCtul9JAsLW-vB_KrlGSxHOw"]},{"@type":"Person","@id":"https:\/\/evol.wp.vortexdev.com\/#\/schema\/person\/cea37ebe708c17a7b30cc1f645e8031b","name":"Evol","image":{"@type":"ImageObject","inLanguage":"en-US","@id":"https:\/\/evol.wp.vortexdev.com\/#\/schema\/person\/image\/","url":"https:\/\/evol.wp.vortexdev.com\/wp-content\/uploads\/2024\/01\/evol-logo.jpg","contentUrl":"https:\/\/evol.wp.vortexdev.com\/wp-content\/uploads\/2024\/01\/evol-logo.jpg","caption":"Evol"},"url":"https:\/\/evol.wp.vortexdev.com\/en\/author\/camiville\/"}]}},"_links":{"self":[{"href":"https:\/\/evol.wp.vortexdev.com\/en\/wp-json\/wp\/v2\/posts\/23296","targetHints":{"allow":["GET"]}}],"collection":[{"href":"https:\/\/evol.wp.vortexdev.com\/en\/wp-json\/wp\/v2\/posts"}],"about":[{"href":"https:\/\/evol.wp.vortexdev.com\/en\/wp-json\/wp\/v2\/types\/post"}],"author":[{"embeddable":true,"href":"https:\/\/evol.wp.vortexdev.com\/en\/wp-json\/wp\/v2\/users\/3"}],"replies":[{"embeddable":true,"href":"https:\/\/evol.wp.vortexdev.com\/en\/wp-json\/wp\/v2\/comments?post=23296"}],"version-history":[{"count":3,"href":"https:\/\/evol.wp.vortexdev.com\/en\/wp-json\/wp\/v2\/posts\/23296\/revisions"}],"predecessor-version":[{"id":23329,"href":"https:\/\/evol.wp.vortexdev.com\/en\/wp-json\/wp\/v2\/posts\/23296\/revisions\/23329"}],"wp:featuredmedia":[{"embeddable":true,"href":"https:\/\/evol.wp.vortexdev.com\/en\/wp-json\/wp\/v2\/media\/23276"}],"wp:attachment":[{"href":"https:\/\/evol.wp.vortexdev.com\/en\/wp-json\/wp\/v2\/media?parent=23296"}],"wp:term":[{"taxonomy":"category","embeddable":true,"href":"https:\/\/evol.wp.vortexdev.com\/en\/wp-json\/wp\/v2\/categories?post=23296"},{"taxonomy":"post_tag","embeddable":true,"href":"https:\/\/evol.wp.vortexdev.com\/en\/wp-json\/wp\/v2\/tags?post=23296"},{"taxonomy":"point-of-interest-category","embeddable":true,"href":"https:\/\/evol.wp.vortexdev.com\/en\/wp-json\/wp\/v2\/point-of-interest-category?post=23296"}],"curies":[{"name":"wp","href":"https:\/\/api.w.org\/{rel}","templated":true}]}}